{"id":1284,"date":"2018-12-07T13:53:21","date_gmt":"2018-12-07T13:53:21","guid":{"rendered":"https:\/\/myinnerme.com\/hvad-er-en-diagnose\/"},"modified":"2021-09-20T13:09:57","modified_gmt":"2021-09-20T11:09:57","slug":"vad-ar-en-diagnos","status":"publish","type":"post","link":"https:\/\/myinnerme.com\/sv\/vad-ar-en-diagnos\/","title":{"rendered":"F\u00f6rst\u00e5 ditt barns diagnos: Det \u00e4r ingen sjukdom"},"content":{"rendered":"<div class=\"entry_content clear\">\n<p>Om ditt barn f\u00e5tt en diagnos kan han eller hon m\u00f6tas av olika missf\u00f6rst\u00e5nd. D\u00e4rf\u00f6r \u00e4r det bra f\u00f6r b\u00e5de dig och ditt barn att s\u00e4tta er in i vad diagnoser \u00e4r\u00a0\u2013 och vad de inte \u00e4r.<\/p>\n<p>M\u00e5nga tror att en diagnos \u00e4r detsamma som en sjukdom. Men en diagnos \u00e4r ingen sjukdom. En diagnos \u00e4r en ben\u00e4mning p\u00e5 en grupp symptom som ofta f\u00f6rekommer tillsammans. Diagnosen s\u00e4ger ingenting om orsakerna till ett problem, och d\u00e4rf\u00f6r kan man s\u00e4ga att en diagnos f\u00f6renklar verkligheten.<\/p>\n<p>Diagnoser inneh\u00e5ller inga raka sanningar om m\u00e4nniskor \u2013 de kan tv\u00e4rtemot vara v\u00e4ldigt t\u00f6jbara.<\/p>\n<h5><strong>Diagnoser kan upplevas helt olika<\/strong><\/h5>\n<p>Ditt barns diagnos kan anv\u00e4ndas som ett arbetsredskap. Den inneh\u00e5ller ingen rak eller definitiv sanning om barnets h\u00e4lsa. En given diagnos kan innefatta m\u00e5nga olika tillst\u00e5nd av mycket varierande sv\u00e5righetsgrad.<\/p>\n<p>Ditt barn och n\u00e5gon annan med samma diagnos st\u00f6rs olika mycket och kan uppleva sin situation helt annorlunda. F\u00f6r den ena kan tillst\u00e5ndet f\u00f6rknippas med stort obehag, medan det f\u00f6r den andra inte g\u00f6r det i samma utstr\u00e4ckning. D\u00e4rf\u00f6r \u00e4r det viktigt att skilja p\u00e5 diagnosen och st\u00f6rningen.<\/p>\n<h5><strong>M\u00e4nniskor och diagnoser \u00e4r olika<\/strong><\/h5>\n<p>Det \u00e4r ocks\u00e5 viktigt att f\u00f6rst\u00e5 att ditt barn inte <em>\u00e4r<\/em> sin diagnos. Diagnosen beskriver och namnger n\u00e5gra sv\u00e5righeter ditt barn har, men den beskriver och namnger inte m\u00e4nniskan.<\/p>\n<p>Diagnoser s\u00e4ger ingenting om en m\u00e4nniskas djupare problem\u00a0\u2013 utan bara n\u00e5gonting om de symtom ditt barn hade n\u00e4r han eller hon blev unders\u00f6kt. S\u00e5 l\u00e4nge symtomen finns kvar, har barnet diagnosen. Men n\u00e4r symtomen \u00e4r borta, har barnet heller inte l\u00e4ngre diagnosen. En diagnos betyder d\u00e4rf\u00f6r i de flesta fall inte ett livsl\u00e5ngt tillst\u00e5nd.<\/p>\n<p>Eftersom en diagnos bara \u00e4r en ben\u00e4mning f\u00f6r n\u00e5gra symtom, beskriver den bara en liten del av en m\u00e4nniska. Om man ska f\u00f6rst\u00e5 och eventuellt hj\u00e4lpa en m\u00e4nniska m\u00e5ste man d\u00e4rf\u00f6r veta mycket mer om m\u00e4nniskan, \u00e4n bara hans\/hennes diagnos.<\/p>\n<p>Man beh\u00f6ver l\u00e4ra k\u00e4nna personen och veta vilka levnadsvillkor personen har. En psykiatrisk diagnos kan kasta en skugga \u00f6ver personen bakom diagnosen, och det \u00e4r en trist missuppfattning.<\/p>\n<h5><strong>2 diagnostiska klassifikationssystem<\/strong><\/h5>\n<p>Det finns tv\u00e5 internationella diagnossystem:<\/p>\n<p>International Classification of Diseases (ICD), som utarbetats av WHO, och Diagnostic and Statistical Manual of Mental Disorders (DSM), som utarbetats av American Psychiatric Association.<\/p>\n<p>Arbetet med att vidareutveckla och f\u00f6rb\u00e4ttra\u00a0ICD och DSM forts\u00e4tter. De \u00e4r v\u00e4rldsomfattande och m\u00f6jligg\u00f6r internationell kommunikation och forskning. De nyaste versionerna \u00e4r ICD-11 og DSM-5.<\/p>\n<p>Diagnossystemet DSM anv\u00e4nds prim\u00e4rt i USA, Kanada och Australien. I USA anv\u00e4nds DSM som en universell auktoritet f\u00f6r psykiatriska diagnoser, och behandlingsrekommendationer best\u00e4ms oftast av DSM-klassifikationer.<\/p>\n<p>Diagnossystemet ICD anv\u00e4nds i Europa, och ICD-11 \u00e4r d\u00e4rf\u00f6r ocks\u00e5 Danmarks officiella diagnossystem. Men precis som i andra l\u00e4nder f\u00f6redrar man DSM-diagnossystemet i forskningssyfte.<\/p>\n<\/div>\n","protected":false},"excerpt":{"rendered":"<p>Om ditt barn f\u00e5tt en diagnos kan han eller hon m\u00f6tas av olika missf\u00f6rst\u00e5nd. D\u00e4rf\u00f6r \u00e4r det bra f\u00f6r b\u00e5de dig och ditt barn att s\u00e4tta er in i vad diagnoser \u00e4r\u00a0\u2013 och vad de inte \u00e4r. M\u00e5nga tror att en diagnos \u00e4r detsamma som en sjukdom. Men en diagnos \u00e4r ingen sjukdom. En diagnos [&hellip;]<\/p>\n","protected":false},"author":6,"featured_media":5113,"comment_status":"open","ping_status":"open","sticky":false,"template":"","format":"standard","meta":[],"categories":[12],"tags":[],"yoast_head":"<!-- This site is optimized with the Yoast SEO plugin v15.7 - https:\/\/yoast.com\/wordpress\/plugins\/seo\/ -->\n<meta name=\"robots\" content=\"index, follow, max-snippet:-1, max-image-preview:large, max-video-preview:-1\" \/>\n<link rel=\"canonical\" href=\"https:\/\/myinnerme.com\/sv\/vad-ar-en-diagnos\/\" \/>\n<meta property=\"og:locale\" content=\"sv_SE\" \/>\n<meta property=\"og:type\" content=\"article\" \/>\n<meta property=\"og:title\" content=\"F\u00f6rst\u00e5 ditt barns diagnos: Det \u00e4r ingen sjukdom - MYiNNERME\" \/>\n<meta property=\"og:description\" content=\"Om ditt barn f\u00e5tt en diagnos kan han eller hon m\u00f6tas av olika missf\u00f6rst\u00e5nd. D\u00e4rf\u00f6r \u00e4r det bra f\u00f6r b\u00e5de dig och ditt barn att s\u00e4tta er in i vad diagnoser \u00e4r\u00a0\u2013 och vad de inte \u00e4r. M\u00e5nga tror att en diagnos \u00e4r detsamma som en sjukdom. Men en diagnos \u00e4r ingen sjukdom. En diagnos [&hellip;]\" \/>\n<meta property=\"og:url\" content=\"https:\/\/myinnerme.com\/sv\/vad-ar-en-diagnos\/\" \/>\n<meta property=\"og:site_name\" content=\"MYiNNERME\" \/>\n<meta property=\"article:publisher\" content=\"https:\/\/www.facebook.com\/myinnermeapp.dk\" \/>\n<meta property=\"article:published_time\" content=\"2018-12-07T13:53:21+00:00\" \/>\n<meta property=\"article:modified_time\" content=\"2021-09-20T11:09:57+00:00\" \/>\n<meta property=\"og:image\" content=\"https:\/\/myinnerme.com\/wp-content\/uploads\/2018\/12\/Sk\u00e6rmbillede-2018-12-08-kl.-09.35.55-e1544258197426.png\" \/>\n\t<meta property=\"og:image:width\" content=\"1929\" \/>\n\t<meta property=\"og:image:height\" content=\"410\" \/>\n<meta name=\"twitter:card\" content=\"summary_large_image\" \/>\n<meta name=\"twitter:label1\" content=\"Est. reading time\">\n\t<meta name=\"twitter:data1\" content=\"3 minutes\">\n<script type=\"application\/ld+json\" class=\"yoast-schema-graph\">{\"@context\":\"https:\/\/schema.org\",\"@graph\":[{\"@type\":\"WebSite\",\"@id\":\"https:\/\/myinnerme.com\/#website\",\"url\":\"https:\/\/myinnerme.com\/\",\"name\":\"MYiNNERME\",\"description\":\"Hj\\u00e6lp til dit indre jeg\",\"potentialAction\":[{\"@type\":\"SearchAction\",\"target\":\"https:\/\/myinnerme.com\/?s={search_term_string}\",\"query-input\":\"required name=search_term_string\"}],\"inLanguage\":\"sv-SE\"},{\"@type\":\"ImageObject\",\"@id\":\"https:\/\/myinnerme.com\/sv\/vad-ar-en-diagnos\/#primaryimage\",\"inLanguage\":\"sv-SE\",\"url\":\"https:\/\/myinnerme.com\/wp-content\/uploads\/2018\/12\/Forsta\\u030a-dit-barns-diagnose_-Det-er-ikke-en-sygdom.png\",\"width\":1440,\"height\":400},{\"@type\":\"WebPage\",\"@id\":\"https:\/\/myinnerme.com\/sv\/vad-ar-en-diagnos\/#webpage\",\"url\":\"https:\/\/myinnerme.com\/sv\/vad-ar-en-diagnos\/\",\"name\":\"F\\u00f6rst\\u00e5 ditt barns diagnos: Det \\u00e4r ingen sjukdom - MYiNNERME\",\"isPartOf\":{\"@id\":\"https:\/\/myinnerme.com\/#website\"},\"primaryImageOfPage\":{\"@id\":\"https:\/\/myinnerme.com\/sv\/vad-ar-en-diagnos\/#primaryimage\"},\"datePublished\":\"2018-12-07T13:53:21+00:00\",\"dateModified\":\"2021-09-20T11:09:57+00:00\",\"author\":{\"@id\":\"https:\/\/myinnerme.com\/#\/schema\/person\/63a27864c94cc151a70368d890b38e5d\"},\"inLanguage\":\"sv-SE\",\"potentialAction\":[{\"@type\":\"ReadAction\",\"target\":[\"https:\/\/myinnerme.com\/sv\/vad-ar-en-diagnos\/\"]}]},{\"@type\":\"Person\",\"@id\":\"https:\/\/myinnerme.com\/#\/schema\/person\/63a27864c94cc151a70368d890b38e5d\",\"name\":\"Marie Ulstrup\",\"image\":{\"@type\":\"ImageObject\",\"@id\":\"https:\/\/myinnerme.com\/#personlogo\",\"inLanguage\":\"sv-SE\",\"url\":\"https:\/\/secure.gravatar.com\/avatar\/44fe550c3bda4287b55a06e6a5aa49f4?s=96&d=mm&r=g\",\"caption\":\"Marie Ulstrup\"}}]}<\/script>\n<!-- \/ Yoast SEO plugin. -->","_links":{"self":[{"href":"https:\/\/myinnerme.com\/sv\/wp-json\/wp\/v2\/posts\/1284"}],"collection":[{"href":"https:\/\/myinnerme.com\/sv\/wp-json\/wp\/v2\/posts"}],"about":[{"href":"https:\/\/myinnerme.com\/sv\/wp-json\/wp\/v2\/types\/post"}],"author":[{"embeddable":true,"href":"https:\/\/myinnerme.com\/sv\/wp-json\/wp\/v2\/users\/6"}],"replies":[{"embeddable":true,"href":"https:\/\/myinnerme.com\/sv\/wp-json\/wp\/v2\/comments?post=1284"}],"version-history":[{"count":5,"href":"https:\/\/myinnerme.com\/sv\/wp-json\/wp\/v2\/posts\/1284\/revisions"}],"predecessor-version":[{"id":1463,"href":"https:\/\/myinnerme.com\/sv\/wp-json\/wp\/v2\/posts\/1284\/revisions\/1463"}],"wp:featuredmedia":[{"embeddable":true,"href":"https:\/\/myinnerme.com\/sv\/wp-json\/wp\/v2\/media\/5113"}],"wp:attachment":[{"href":"https:\/\/myinnerme.com\/sv\/wp-json\/wp\/v2\/media?parent=1284"}],"wp:term":[{"taxonomy":"category","embeddable":true,"href":"https:\/\/myinnerme.com\/sv\/wp-json\/wp\/v2\/categories?post=1284"},{"taxonomy":"post_tag","embeddable":true,"href":"https:\/\/myinnerme.com\/sv\/wp-json\/wp\/v2\/tags?post=1284"}],"curies":[{"name":"wp","href":"https:\/\/api.w.org\/{rel}","templated":true}]}}